{"id":1538,"date":"2023-09-25T12:51:39","date_gmt":"2023-09-25T12:51:39","guid":{"rendered":"https:\/\/istanbulhirdavatfuari.com\/ru\/?p=1538"},"modified":"2024-06-10T08:07:38","modified_gmt":"2024-06-10T08:07:38","slug":"7-yilinda-125-ulkeden-yuzlerce-katilimci-ve-binlerce-ziyaretcisiyle-ev-sahipligi-yapti","status":"publish","type":"post","link":"https:\/\/istanbulhirdavatfuari.com\/ru\/7-yilinda-125-ulkeden-yuzlerce-katilimci-ve-binlerce-ziyaretcisiyle-ev-sahipligi-yapti\/","title":{"rendered":"7.Y\u0131l\u0131nda 125 \u00dclkeden Y\u00fczlerce Kat\u0131l\u0131mc\u0131 ve Binlerce Ziyaret\u00e7isiyle Ev Sahipli\u011fi Yapt\u0131"},"content":{"rendered":"<p><strong>Uluslararas\u0131 \u0130stanbul H\u0131rdavat Fuar\u0131, 7.Y\u0131l\u0131nda\u00a0<\/strong><strong>125 \u00dclkeden Y\u00fczlerce Kat\u0131l\u0131mc\u0131 ve Binlerce Ziyaret\u00e7isiyle H\u0131rdavat Sekt\u00f6r\u00fcne Ev Sahipli\u011fi Yapt\u0131<\/strong><\/p>\n<p><strong>Voli Fuar Hizmetleri taraf\u0131ndan ger\u00e7ekle\u015ftirilen ve her y\u0131l s\u0131n\u0131rlar\u0131n\u0131 b\u00fcy\u00fcten Uluslararas\u0131 \u0130stanbul H\u0131rdavat Fuar\u0131 7.y\u0131l\u0131nda rekora ula\u015fan kat\u0131l\u0131mc\u0131 ve ziyaret\u00e7isiyle sekt\u00f6r\u00fcn mihenk ta\u015f\u0131 oldu\u011funu bir kez daha kan\u0131tlad\u0131.<\/strong><\/p>\n<p>24-27 A\u011fustos tarihleri aras\u0131nda \u0130stanbul Fuar Merkezi\u2019nde ger\u00e7ekle\u015fen Uluslararas\u0131 \u0130stanbul H\u0131rdavat Fuar\u0131 7.y\u0131l\u0131nda yerli ve yabanc\u0131 kat\u0131l\u0131mc\u0131 ve ziyaret\u00e7i say\u0131s\u0131nda rekora ula\u015ft\u0131. 410 kat\u0131l\u0131mc\u0131 firmas\u0131 ve 17.141 bin ziyaret\u00e7isiyle h\u0131rdavat ve nalburiye sekt\u00f6r\u00fcnde ticari bir arena oldu\u011funu kan\u0131tlayan fuar, yerli ve yabanc\u0131 sekt\u00f6r temsilcilerinin 20 bini a\u015fk\u0131n \u00fcr\u00fcn\u00fcn\u00fc ve h\u0131rdavat sekt\u00f6r\u00fcn\u00fcn g\u00fcc\u00fcn\u00fc sergiledi\u011fi bir organizasyon olman\u0131n \u00f6tesinde milyonlarca dolarl\u0131k anla\u015fmalar\u0131n yap\u0131ld\u0131\u011f\u0131 ticari bir arena oldu.<\/p>\n<p>\u00c7in ba\u015fta olmak \u00fczere; ABD, Almanya, Avusturya, Azerbaycan, Bel\u00e7ika, Birle\u015fik Arap Emirlikleri, Bulgaristan, Bosna Hersek, Fas, Fransa, G\u00fcney Afrika, G\u00fcney Kore, Hindistan, Hollanda, Irak, \u0130ngiltere, \u0130ran, \u0130spanya, \u0130srail, \u0130talya, K.K.T.C, Kazakistan, Kuveyt, Libya, L\u00fcbnan, Makedonya, M\u0131s\u0131r, Mo\u011folistan, Moldova, K\u0131rg\u0131zistan, Kosova, Kuveyt, Libya, L\u00fcbnan, M\u0131s\u0131r, \u00d6zbekistan, Pakistan, Polonya, Portekiz, Romanya, Rusya, S\u0131rbistan, Somali, Sudan, Suriye, Suudi Arabistan, Tacikistan, Tunus, T\u00fcrkmenistan, \u00dcrd\u00fcn, Yemen, Yunanistan yo\u011funlukta olmak \u00fczere 125 \u00fclkeden yat\u0131r\u0131mc\u0131 ve al\u0131m heyetleri fuar\u0131 ziyaret etti.<\/p>\n<p><strong>T\u00fcrkiye \u0130\u015f Sa\u011fl\u0131\u011f\u0131 ve G\u00fcvenli\u011fi (T\u0130G\u0130AD) Fuar\u0131 ve Konferanslar\u0131 Yo\u011fun \u0130lgi \u0130le Kar\u015f\u0131land\u0131.<\/strong><\/p>\n<p>Uluslararas\u0131 \u0130stanbul H\u0131rdavat Fuar\u0131\u2019n\u0131n 7.y\u0131l\u0131na \u00f6zel bu y\u0131l ilk kez ger\u00e7ekle\u015ftirdi\u011fi \u0130\u015f Sa\u011fl\u0131\u011f\u0131 ve G\u00fcvenli\u011fi Fuar\u0131 100\u2019\u00fcn \u00fczerinde kat\u0131l\u0131mc\u0131 firmas\u0131 ve sekt\u00f6r temsilcisi ile b\u00fcy\u00fck ilgi g\u00f6rd\u00fc. \u0130nteraktif etkile\u015fimin en \u00fcst d\u00fczeye \u00e7\u0131kt\u0131\u011f\u0131 konferans program\u0131 kapsam\u0131nda;\u00a0<strong>\u00c7ASGEM<\/strong><strong>,\u00a0<\/strong><strong>T\u00fcrkiye<\/strong>\u00a0<strong>Ta\u015fk\u00f6m\u00fcr\u00fc Kurumu<\/strong><strong>,\u00a0<\/strong><strong>Risk Y\u00f6netimi Derne\u011fi<\/strong><strong>,\u00a0<\/strong><strong>\u0130SGDER<\/strong><strong>\u00a0ve\u00a0<\/strong><strong>\u0130BB<\/strong><strong>\u00a0oturumlar\u0131nda sekt\u00f6r uzmanlar\u0131n\u0131n g\u00f6r\u00fc\u015fleri, son mevzuatlar ve sekt\u00f6re katk\u0131 sa\u011flayacak konu ba\u015fl\u0131klar\u0131 de\u011ferlendirilerek sunulan \u00e7\u00f6z\u00fcm \u00f6nerileri sekt\u00f6r taraf\u0131ndan yo\u011fun ilgi ile kar\u015f\u0131land\u0131.<\/strong><\/p>\n<p><img fetchpriority=\"high\" decoding=\"async\" class=\"alignleft size-full wp-image-9900\" src=\"https:\/\/istanbulhirdavatfuari.com\/wp-content\/uploads\/2024\/04\/sdsa-300x200-1.jpg\" alt=\"\" width=\"300\" height=\"200\" \/><\/p>\n<p><strong>Fuar kat\u0131l\u0131mc\u0131 ve ziyaret\u00e7ilerin beklentisini fazlas\u0131yla kar\u015f\u0131lad\u0131<\/strong><\/p>\n<p><strong>2024 y\u0131l\u0131nda daha b\u00fcy\u00fck alanlarda yer almak istediklerini belirten kat\u0131l\u0131mc\u0131 firmalar ve ziyaret\u00e7iler 2023 organizasyonundan \u00e7ok memnun ayr\u0131ld\u0131klar\u0131n\u0131 belirttiler.\u00a0<\/strong>Kat\u0131l\u0131mc\u0131lar fuara kat\u0131lma ama\u00e7lar\u0131 olan; \u015firket imaj\u0131n\u0131 g\u00fc\u00e7lendirmek, yeni \u00fcr\u00fcn\/hizmet tan\u0131tmak, ulusal ve uluslararas\u0131 pazardan m\u00fc\u015fteri kazanmak, mevcut i\u015f ba\u011flant\u0131lar\u0131n\u0131 g\u00fc\u00e7lendirmek ve yeni i\u015f ba\u011flant\u0131lar\u0131 kurmak, rekabetten geri kalmamak gibi konularda fuar\u0131n beklentilerini fazlas\u0131yla kar\u015f\u0131lad\u0131\u011f\u0131n\u0131 iletti.<\/p>\n<p><strong>Uluslararas\u0131 \u0130stanbul H\u0131rdavat Fuar\u0131 2024 y\u0131l\u0131nda 20-23 Kas\u0131m\u2019da 55 bin m2 alanda kat\u0131l\u0131mc\u0131 ve ziyaret\u00e7isiyle yeniden bulu\u015facak.<\/strong><\/p>\n<p>125 \u00fclkeden 17.141 bin ziyaret\u00e7iyi a\u011f\u0131rlayan Uluslararas\u0131 \u0130stanbul H\u0131rdavat Fuar\u0131, 20-23 Kas\u0131m 2024 tarihleri aras\u0131nda \u0130stanbul Fuar Merkezi\u2019nin 55 bin m2\u2019lik alan\u0131nda 8.kez kap\u0131lar\u0131n\u0131 a\u00e7mak i\u00e7in haz\u0131rlan\u0131yor. Erken rezervasyon f\u0131rsatlar\u0131ndan yararlanmak ve detayl\u0131 bilgi i\u00e7in \u00a0<a href=\"https:\/\/www.istanbulhirdavatfuari.com\/\">www.istanbulhirdavatfuari.com<\/a>\u00a0adresini ziyaret edebilirsiniz.<\/p>\n","protected":false},"excerpt":{"rendered":"<p>Uluslararas\u0131 \u0130stanbul H\u0131rdavat Fuar\u0131, 7.Y\u0131l\u0131nda\u00a0125 \u00dclkeden Y\u00fczlerce Kat\u0131l\u0131mc\u0131 ve Binlerce Ziyaret\u00e7isiyle H\u0131rdavat Sekt\u00f6r\u00fcne Ev Sahipli\u011fi Yapt\u0131 Voli Fuar Hizmetleri taraf\u0131ndan ger\u00e7ekle\u015ftirilen ve her y\u0131l s\u0131n\u0131rlar\u0131n\u0131 b\u00fcy\u00fcten Uluslararas\u0131 \u0130stanbul H\u0131rdavat Fuar\u0131 7.y\u0131l\u0131nda rekora ula\u015fan kat\u0131l\u0131mc\u0131 ve ziyaret\u00e7isiyle sekt\u00f6r\u00fcn mihenk ta\u015f\u0131 oldu\u011funu bir kez daha kan\u0131tlad\u0131. 24-27 A\u011fustos tarihleri aras\u0131nda \u0130stanbul Fuar Merkezi\u2019nde ger\u00e7ekle\u015fen Uluslararas\u0131 \u0130stanbul H\u0131rdavat [&hellip;]<\/p>\n","protected":false},"author":1,"featured_media":700,"comment_status":"closed","ping_status":"closed","sticky":false,"template":"","format":"standard","meta":{"footnotes":""},"categories":[1],"tags":[],"class_list":["post-1538","post","type-post","status-publish","format-standard","has-post-thumbnail","hentry","category-fuar-hakkinda"],"_links":{"self":[{"href":"https:\/\/istanbulhirdavatfuari.com\/ru\/wp-json\/wp\/v2\/posts\/1538","targetHints":{"allow":["GET"]}}],"collection":[{"href":"https:\/\/istanbulhirdavatfuari.com\/ru\/wp-json\/wp\/v2\/posts"}],"about":[{"href":"https:\/\/istanbulhirdavatfuari.com\/ru\/wp-json\/wp\/v2\/types\/post"}],"author":[{"embeddable":true,"href":"https:\/\/istanbulhirdavatfuari.com\/ru\/wp-json\/wp\/v2\/users\/1"}],"replies":[{"embeddable":true,"href":"https:\/\/istanbulhirdavatfuari.com\/ru\/wp-json\/wp\/v2\/comments?post=1538"}],"version-history":[{"count":0,"href":"https:\/\/istanbulhirdavatfuari.com\/ru\/wp-json\/wp\/v2\/posts\/1538\/revisions"}],"wp:featuredmedia":[{"embeddable":true,"href":"https:\/\/istanbulhirdavatfuari.com\/ru\/wp-json\/wp\/v2\/media\/700"}],"wp:attachment":[{"href":"https:\/\/istanbulhirdavatfuari.com\/ru\/wp-json\/wp\/v2\/media?parent=1538"}],"wp:term":[{"taxonomy":"category","embeddable":true,"href":"https:\/\/istanbulhirdavatfuari.com\/ru\/wp-json\/wp\/v2\/categories?post=1538"},{"taxonomy":"post_tag","embeddable":true,"href":"https:\/\/istanbulhirdavatfuari.com\/ru\/wp-json\/wp\/v2\/tags?post=1538"}],"curies":[{"name":"wp","href":"https:\/\/api.w.org\/{rel}","templated":true}]}}