{"id":1534,"date":"2023-06-08T12:50:56","date_gmt":"2023-06-08T12:50:56","guid":{"rendered":"https:\/\/istanbulhirdavatfuari.com\/ru\/?p=1534"},"modified":"2024-06-10T08:07:29","modified_gmt":"2024-06-10T08:07:29","slug":"hirdavat-fuari-rekor-sayida-uluslararasi-katilimci-firmaya-ev-sahipligi-yapacak","status":"publish","type":"post","link":"https:\/\/istanbulhirdavatfuari.com\/ru\/hirdavat-fuari-rekor-sayida-uluslararasi-katilimci-firmaya-ev-sahipligi-yapacak\/","title":{"rendered":"H\u0131rdavat Fuar\u0131 Rekor Say\u0131da Uluslararas\u0131 Kat\u0131l\u0131mc\u0131 Firmaya Ev Sahipli\u011fi Yapacak"},"content":{"rendered":"<p><strong>Avrasya\u2019n\u0131n kalbindeki konumuyla, Orta Do\u011fu ve Kuzey Afrika b\u00f6lgeleriyle ticari ba\u011flant\u0131lar i\u00e7in g\u00fc\u00e7l\u00fc f\u0131rsatlar sunma iddias\u0131n\u0131 s\u00fcrd\u00fcren Uluslararas\u0131 \u0130stanbul H\u0131rdavat Fuar\u0131, 7.y\u0131l\u0131nda da maksimum verim sa\u011flamak amac\u0131yla \u00e7ok say\u0131da yerli ve yabanc\u0131 firman\u0131n kat\u0131l\u0131m\u0131yla 6 salonda 55.000 m2\u2019lik alanda 24-27 A\u011fustos 2023 tarihinde ger\u00e7ekle\u015fecek.<\/strong><\/p>\n<p>Sekt\u00f6r\u00fcn her y\u0131l heyecanla bekledi\u011fi, T\u00fcrkiye\u2019nin tek uluslararas\u0131 fuar\u0131 olan\u00a0<a href=\"https:\/\/www.istanbulhirdavatfuari.com\/\">\u0130stanbul H\u0131rdavat Fuar\u0131<\/a>, 2023\u2019deki en kapsaml\u0131 bulu\u015fmas\u0131n\u0131 24-27 A\u011fustos 2023 tarihlerinde \u0130stanbul Fuar Merkezi\u2019nde ger\u00e7ekle\u015ftirmeye haz\u0131rlan\u0131yor. 300\u2019den fazla yerli, 150\u2019yi a\u015fk\u0131n yabanc\u0131 firman\u0131n 20 binden fazla \u00fcr\u00fcn\u00fcn\u00fc sergileyece\u011fi fuar, sekt\u00f6r\u00fcn en fazla i\u015f hacmi yaratan bulu\u015fmalar\u0131ndan birine imza atmaya haz\u0131rlan\u0131yor.<\/p>\n<p><strong>\u0130stanbul H\u0131rdavat Fuar\u0131 ile \u0130\u015f Sa\u011fl\u0131\u011f\u0131 ve \u0130\u015f G\u00fcvenli\u011fi Fuar\u0131 Bir Arada<\/strong><\/p>\n<p><strong>\u0130stanbul H\u0131rdavat Fuar\u0131, bu y\u0131l fuarla e\u015f zamanl\u0131 olarak T\u00fcrkiye \u0130\u015f G\u00fcvenli\u011fi ve \u0130\u015f Adamlar\u0131 Derne\u011fi (<a href=\"http:\/\/www.tigiad.org.tr\/\" target=\"_blank\" rel=\"noopener\">T\u0130G\u0130AD<\/a>) ile 2. salonda 9250 m<sup>2<\/sup>\u00a0alanda 100\u2019 \u00fcn \u00fcst\u00fcnde kat\u0131l\u0131mc\u0131ya ve konferans oturumlar\u0131na ev sahipli\u011fi yapacak. \u0130\u015f g\u00fcvenli\u011finin h\u0131rdavat ve nalburiye sekt\u00f6r\u00fc ile olan ba\u011flant\u0131s\u0131n\u0131n ve \u00f6neminin vurgulanaca\u011f\u0131 oturumlar her iki sekt\u00f6re de art\u0131 de\u011fer katmay\u0131 hedefliyor.<\/strong><\/p>\n<p>\u0130novatif \u00fcr\u00fcnler ve \u00e7e\u015fitlilik konusunda d\u00fcnya \u00e7ap\u0131nda bir dinamizme sahip olan Uluslararas\u0131 \u0130stanbul H\u0131rdavat Fuar\u0131 ve \u0130\u015f G\u00fcvenli\u011fi \u00f6zel salonu, sekt\u00f6re kazand\u0131rd\u0131\u011f\u0131 yenilik\u00e7i \u00e7al\u0131\u015fmalar\u0131yla kat\u0131l\u0131mc\u0131 ve ziyaret\u00e7ilere sekt\u00f6rdeki geli\u015fmeleri deneyimleme ve globalde yeni yat\u0131r\u0131m f\u0131rsatlar\u0131 yaratmaya devam ediyor.<\/p>\n<p><strong>Uluslararas\u0131 \u0130stanbul H\u0131rdavat Fuar\u0131 7.y\u0131l\u0131nda da g\u00fc\u00e7l\u00fc bir arena olmaya devam ediyor<\/strong><\/p>\n<p>Sekt\u00f6r\u00fcn en de\u011ferli markalar\u0131ndan; Karbosan\u2019\u0131n plat\u0131num, Caldini ve \u0130stweld\u2019in gold sponsorlu\u011funda ger\u00e7ekle\u015ftirilecek olan Uluslararas\u0131 \u0130stanbul H\u0131rdavat Fuar\u0131 sekt\u00f6r\u00fcnde T\u00fcrk sanayinin \u00fcmidi olmaya devam ediyor. \u00dcretim yapan b\u00fcy\u00fck, k\u00fc\u00e7\u00fck ve orta \u00f6l\u00e7ekli firmalar i\u00e7in d\u0131\u015f pazarlara a\u00e7\u0131lma imk\u00e2n\u0131 sa\u011flayan Uluslararas\u0131 \u0130stanbul H\u0131rdavat Fuar\u0131, yeni pazarlar, i\u015f ba\u011flant\u0131lar\u0131, yeni hedef \u00fclkeler ve y\u00fcksek i\u015f hacmine eri\u015fim olana\u011f\u0131 sa\u011flayarak kat\u0131l\u0131mc\u0131 firmalar ile nitelikli ziyaret\u00e7ileri bulu\u015fturmaya devam ediyor.<\/p>\n<figure id=\"attachment_1488\" class=\"wp-caption alignleft\" aria-describedby=\"caption-attachment-1488\">&nbsp;<\/p>\n<figure id=\"attachment_9891\" class=\"wp-caption alignleft\" aria-describedby=\"caption-attachment-9891\"><img fetchpriority=\"high\" decoding=\"async\" class=\"wp-image-9891 size-full\" src=\"https:\/\/istanbulhirdavatfuari.com\/wp-content\/uploads\/2024\/04\/UBAP1655-kopya-300x169-1.jpg\" alt=\"Proje Y\u00f6netmeni Z\u00fclk\u00fcf KARADAYI\" width=\"300\" height=\"169\" \/><figcaption id=\"caption-attachment-9891\" class=\"wp-caption-text\">Proje Y\u00f6netmeni Z\u00fclk\u00fcf KARADAYI<\/figcaption><\/figure><figcaption id=\"caption-attachment-1488\" class=\"wp-caption-text\"><\/figcaption><\/figure>\n<p><strong>Uluslararas\u0131 \u0130stanbul H\u0131rdavat Fuar\u0131 rekor say\u0131da uluslararas\u0131 kat\u0131l\u0131mc\u0131 firmaya ev sahipli\u011fi yap\u0131yor.<\/strong><\/p>\n<p>T\u00fcrk \u00fcretici ve markalar\u0131n\u0131, d\u00fcnyan\u0131n d\u00f6rt bir yan\u0131ndan gelecek olan sekt\u00f6r devleri ile ayn\u0131 sahnede bulu\u015fturacak olan fuar 150\u2019yi a\u015fk\u0131n yabanc\u0131 firmaya da ev sahipli\u011fi yapacak. Fuar ayn\u0131 zamanda profesyonel sat\u0131n alma yetkilileri ve kanaat \u00f6nderlerini de ayn\u0131 platformda bulu\u015fturarak global pazara eri\u015fim imkan\u0131 sunuyor.<\/p>\n<p>Uluslararas\u0131 \u0130stanbul H\u0131rdavat Fuar\u0131\u2019n\u0131n Uluslararas\u0131 Pazarlama ve Sat\u0131\u015f M\u00fcd\u00fcr\u00fc Yusuf Ok\u00e7u, \u015fu a\u00e7\u0131klamada bulundu\u00a0<strong><em>\u201cAsya\u2019da s\u00fcregelen seyahat k\u0131s\u0131tlamalar\u0131 yan\u0131nda devam eden Rusya-Ukrayna geriliminin t\u0131rmand\u0131rd\u0131\u011f\u0131 Avrupa\u2019da s\u00fcregelen b\u00fcy\u00fck enerji krizi, hammadde krizi, t\u00fcm d\u00fcnyada s\u00fcrekli rekorlar k\u0131ran enflasyon oranlar\u0131, T\u00fcrk pazar\u0131n\u0131 uluslararas\u0131 pazarlar bak\u0131m\u0131ndan tercih edilir hale getiriyor. Kaliteli \u00fcretim, h\u0131zl\u0131 teslimat ve uygun fiyat da pazar\u0131m\u0131z\u0131 rekabet bak\u0131m\u0131ndan g\u00fc\u00e7lendiriyor. Bu minvalde bu sene Uluslararas\u0131 \u0130stanbul H\u0131rdavat Fuar\u0131\u2019n\u0131 \u00f6ne \u00e7\u0131kan, end\u00fcstrinin en \u00f6nemli pazarlar\u0131nda ve fuarlar\u0131nda tan\u0131tmaya devam ediyoruz.\u2019\u2019<\/em><\/strong><\/p>\n<p><strong>Nalburiye ve h\u0131rdavat sekt\u00f6r\u00fcndeki geli\u015fmeleri yak\u0131ndan takip etmek i\u00e7in sizde Uluslararas\u0131 \u0130stanbul H\u0131rdavat Fuar\u0131\u2019n\u0131 ziyaret edin<\/strong><\/p>\n<p>Bulundu\u011fu co\u011frafyan\u0131n en g\u00f6rkemli bulu\u015fmas\u0131 \u0130stanbul H\u0131rdavat Fuar\u0131 24-27 A\u011fustos tarihlerinde, 7.kez \u0130stanbul Fuar Merkezi\u2019nde kap\u0131lar\u0131n\u0131 a\u00e7\u0131yor.\u00a0 Sekt\u00f6r liderleri ile tan\u0131\u015fmak, geli\u015fmelerden haberdar olmak ve yeni i\u015f f\u0131rsatlar\u0131 yaratmak i\u00e7in siz de bu b\u00fcy\u00fck bulu\u015fmada yerinizi al\u0131n.<\/p>\n","protected":false},"excerpt":{"rendered":"<p>Avrasya\u2019n\u0131n kalbindeki konumuyla, Orta Do\u011fu ve Kuzey Afrika b\u00f6lgeleriyle ticari ba\u011flant\u0131lar i\u00e7in g\u00fc\u00e7l\u00fc f\u0131rsatlar sunma iddias\u0131n\u0131 s\u00fcrd\u00fcren Uluslararas\u0131 \u0130stanbul H\u0131rdavat Fuar\u0131, 7.y\u0131l\u0131nda da maksimum verim sa\u011flamak amac\u0131yla \u00e7ok say\u0131da yerli ve yabanc\u0131 firman\u0131n kat\u0131l\u0131m\u0131yla 6 salonda 55.000 m2\u2019lik alanda 24-27 A\u011fustos 2023 tarihinde ger\u00e7ekle\u015fecek. Sekt\u00f6r\u00fcn her y\u0131l heyecanla bekledi\u011fi, T\u00fcrkiye\u2019nin tek uluslararas\u0131 fuar\u0131 olan\u00a0\u0130stanbul H\u0131rdavat [&hellip;]<\/p>\n","protected":false},"author":1,"featured_media":1729,"comment_status":"closed","ping_status":"closed","sticky":false,"template":"","format":"standard","meta":{"footnotes":""},"categories":[1],"tags":[],"class_list":["post-1534","post","type-post","status-publish","format-standard","has-post-thumbnail","hentry","category-fuar-hakkinda"],"_links":{"self":[{"href":"https:\/\/istanbulhirdavatfuari.com\/ru\/wp-json\/wp\/v2\/posts\/1534","targetHints":{"allow":["GET"]}}],"collection":[{"href":"https:\/\/istanbulhirdavatfuari.com\/ru\/wp-json\/wp\/v2\/posts"}],"about":[{"href":"https:\/\/istanbulhirdavatfuari.com\/ru\/wp-json\/wp\/v2\/types\/post"}],"author":[{"embeddable":true,"href":"https:\/\/istanbulhirdavatfuari.com\/ru\/wp-json\/wp\/v2\/users\/1"}],"replies":[{"embeddable":true,"href":"https:\/\/istanbulhirdavatfuari.com\/ru\/wp-json\/wp\/v2\/comments?post=1534"}],"version-history":[{"count":0,"href":"https:\/\/istanbulhirdavatfuari.com\/ru\/wp-json\/wp\/v2\/posts\/1534\/revisions"}],"wp:featuredmedia":[{"embeddable":true,"href":"https:\/\/istanbulhirdavatfuari.com\/ru\/wp-json\/wp\/v2\/media\/1729"}],"wp:attachment":[{"href":"https:\/\/istanbulhirdavatfuari.com\/ru\/wp-json\/wp\/v2\/media?parent=1534"}],"wp:term":[{"taxonomy":"category","embeddable":true,"href":"https:\/\/istanbulhirdavatfuari.com\/ru\/wp-json\/wp\/v2\/categories?post=1534"},{"taxonomy":"post_tag","embeddable":true,"href":"https:\/\/istanbulhirdavatfuari.com\/ru\/wp-json\/wp\/v2\/tags?post=1534"}],"curies":[{"name":"wp","href":"https:\/\/api.w.org\/{rel}","templated":true}]}}